{"id":1419,"date":"2021-11-25T10:43:46","date_gmt":"2021-11-25T08:43:46","guid":{"rendered":"https:\/\/www.baikorworldwide.com\/baikor-galardonada-con-el-premio-pyme-del-ano\/"},"modified":"2022-02-21T12:19:32","modified_gmt":"2022-02-21T10:19:32","slug":"baikor-galardonada-con-el-premio-pyme-del-ano","status":"publish","type":"post","link":"https:\/\/www.baikorworldwide.com\/en\/baikor-galardonada-con-el-premio-pyme-del-ano\/","title":{"rendered":"BAIKOR galardonada con el premio PYME del a\u00f1o"},"content":{"rendered":"\n<p>El pasado mi\u00e9rcoles, 3 de noviembre, fuimos galardonados con el premio PYME del a\u00f1o Navarra 2021.&nbsp;<\/p>\n\n\n\n<p>La C\u00e1mara de Comercio de Espa\u00f1a y el Banco Santander, con la colaboraci\u00f3n de las C\u00e1maras de Comercio de Navarra y el Diario de Navarra, reconoce mediante este premio el desempe\u00f1o de las peque\u00f1as y medianas empresas.&nbsp;<\/p>\n\n\n\n<p>Estamos muy agradecidos por el reconocimiento al trabajo realizado. Adem\u00e1s del Premio Pyme del A\u00f1o,&nbsp;se otorgaron cuatro Acc\u00e9sits: Internacionalizaci\u00f3n, Digitalizaci\u00f3n e Innovaci\u00f3n, Formaci\u00f3n y Empleo y Empresa Responsable.<\/p>\n\n\n\n<p>Pod\u00e9is acceder a la noticia en el siguiente enlace:<\/p>\n\n\n\n<p><a href=\"https:\/\/www.diariodenavarra.es\/noticias\/negocios\/dn-management\/empresas-navarras\/2021\/11\/03\/fundidora-baikor-worldwide-premio-pyme-navarra-2021-506277-3380.html?utm_content=echobox&amp;utm_medium=EchoboxLinkedin&amp;utm_source=Social#Echobox=1636011864\">La fundidora Baikor Worldwide, Premio Pyme Navarra 2021 | Noticias de Empresas Navarras en Diario de Navarra<\/a><\/p>\n","protected":false},"excerpt":{"rendered":"<p>El pasado mi\u00e9rcoles, 3 de noviembre, fuimos galardonados con el premio PYME del a\u00f1o Navarra 2021.&nbsp; La C\u00e1mara de Comercio de Espa\u00f1a y el Banco Santander, con la colaboraci\u00f3n de las C\u00e1maras de Comercio de Navarra y el Diario de Navarra, reconoce mediante este premio el desempe\u00f1o de las peque\u00f1as y medianas empresas.&nbsp; Estamos muy [&hellip;]<\/p>\n","protected":false},"author":1,"featured_media":1346,"comment_status":"open","ping_status":"open","sticky":false,"template":"","format":"standard","meta":{"site-sidebar-layout":"default","site-content-layout":"","ast-site-content-layout":"","site-content-style":"default","site-sidebar-style":"default","ast-global-header-display":"","ast-banner-title-visibility":"","ast-main-header-display":"","ast-hfb-above-header-display":"","ast-hfb-below-header-display":"","ast-hfb-mobile-header-display":"","site-post-title":"","ast-breadcrumbs-content":"","ast-featured-img":"","footer-sml-layout":"","theme-transparent-header-meta":"","adv-header-id-meta":"","stick-header-meta":"","header-above-stick-meta":"","header-main-stick-meta":"","header-below-stick-meta":"","astra-migrate-meta-layouts":"default","ast-page-background-enabled":"default","ast-page-background-meta":{"desktop":{"background-color":"var(--ast-global-color-4)","background-image":"","background-repeat":"repeat","background-position":"center center","background-size":"auto","background-attachment":"scroll","background-type":"","background-media":"","overlay-type":"","overlay-color":"","overlay-opacity":"","overlay-gradient":""},"tablet":{"background-color":"","background-image":"","background-repeat":"repeat","background-position":"center center","background-size":"auto","background-attachment":"scroll","background-type":"","background-media":"","overlay-type":"","overlay-color":"","overlay-opacity":"","overlay-gradient":""},"mobile":{"background-color":"","background-image":"","background-repeat":"repeat","background-position":"center center","background-size":"auto","background-attachment":"scroll","background-type":"","background-media":"","overlay-type":"","overlay-color":"","overlay-opacity":"","overlay-gradient":""}},"ast-content-background-meta":{"desktop":{"background-color":"var(--ast-global-color-5)","background-image":"","background-repeat":"repeat","background-position":"center center","background-size":"auto","background-attachment":"scroll","background-type":"","background-media":"","overlay-type":"","overlay-color":"","overlay-opacity":"","overlay-gradient":""},"tablet":{"background-color":"var(--ast-global-color-5)","background-image":"","background-repeat":"repeat","background-position":"center center","background-size":"auto","background-attachment":"scroll","background-type":"","background-media":"","overlay-type":"","overlay-color":"","overlay-opacity":"","overlay-gradient":""},"mobile":{"background-color":"var(--ast-global-color-5)","background-image":"","background-repeat":"repeat","background-position":"center center","background-size":"auto","background-attachment":"scroll","background-type":"","background-media":"","overlay-type":"","overlay-color":"","overlay-opacity":"","overlay-gradient":""}},"footnotes":""},"categories":[5],"tags":[],"class_list":["post-1419","post","type-post","status-publish","format-standard","has-post-thumbnail","hentry","category-uncategorized"],"yoast_head":"<!-- This site is optimized with the Yoast SEO plugin v27.5 - https:\/\/yoast.com\/product\/yoast-seo-wordpress\/ -->\n<title>BAIKOR galardonada con el premio PYME del a\u00f1o - BAIKOR WORLDWIDE<\/title>\n<meta name=\"robots\" content=\"index, follow, max-snippet:-1, max-image-preview:large, max-video-preview:-1\" \/>\n<link rel=\"canonical\" href=\"https:\/\/www.baikorworldwide.com\/en\/baikor-galardonada-con-el-premio-pyme-del-ano\/\" \/>\n<meta property=\"og:locale\" content=\"en_US\" \/>\n<meta property=\"og:type\" content=\"article\" \/>\n<meta property=\"og:title\" content=\"BAIKOR galardonada con el premio PYME del a\u00f1o - BAIKOR WORLDWIDE\" \/>\n<meta property=\"og:description\" content=\"El pasado mi\u00e9rcoles, 3 de noviembre, fuimos galardonados con el premio PYME del a\u00f1o Navarra 2021.&nbsp; La C\u00e1mara de Comercio de Espa\u00f1a y el Banco Santander, con la colaboraci\u00f3n de las C\u00e1maras de Comercio de Navarra y el Diario de Navarra, reconoce mediante este premio el desempe\u00f1o de las peque\u00f1as y medianas empresas.&nbsp; Estamos muy [&hellip;]\" \/>\n<meta property=\"og:url\" content=\"https:\/\/www.baikorworldwide.com\/en\/baikor-galardonada-con-el-premio-pyme-del-ano\/\" \/>\n<meta property=\"og:site_name\" content=\"BAIKOR WORLDWIDE\" \/>\n<meta property=\"article:published_time\" content=\"2021-11-25T08:43:46+00:00\" \/>\n<meta property=\"article:modified_time\" content=\"2022-02-21T10:19:32+00:00\" \/>\n<meta property=\"og:image\" content=\"https:\/\/www.baikorworldwide.com\/wp-content\/uploads\/2021\/11\/premio.jpg\" \/>\n\t<meta property=\"og:image:width\" content=\"1500\" \/>\n\t<meta property=\"og:image:height\" content=\"955\" \/>\n\t<meta property=\"og:image:type\" content=\"image\/jpeg\" \/>\n<meta name=\"author\" content=\"baikor34\" \/>\n<meta name=\"twitter:card\" content=\"summary_large_image\" \/>\n<meta name=\"twitter:label1\" content=\"Written by\" \/>\n\t<meta name=\"twitter:data1\" content=\"baikor34\" \/>\n\t<meta name=\"twitter:label2\" content=\"Est. reading time\" \/>\n\t<meta name=\"twitter:data2\" content=\"1 minute\" \/>\n<script type=\"application\/ld+json\" class=\"yoast-schema-graph\">{\"@context\":\"https:\\\/\\\/schema.org\",\"@graph\":[{\"@type\":\"Article\",\"@id\":\"https:\\\/\\\/www.baikorworldwide.com\\\/en\\\/baikor-galardonada-con-el-premio-pyme-del-ano\\\/#article\",\"isPartOf\":{\"@id\":\"https:\\\/\\\/www.baikorworldwide.com\\\/en\\\/baikor-galardonada-con-el-premio-pyme-del-ano\\\/\"},\"author\":{\"name\":\"baikor34\",\"@id\":\"https:\\\/\\\/www.baikorworldwide.com\\\/#\\\/schema\\\/person\\\/6ab5e8843e6d54563896ea07f7f7cad6\"},\"headline\":\"BAIKOR galardonada con el premio PYME del a\u00f1o\",\"datePublished\":\"2021-11-25T08:43:46+00:00\",\"dateModified\":\"2022-02-21T10:19:32+00:00\",\"mainEntityOfPage\":{\"@id\":\"https:\\\/\\\/www.baikorworldwide.com\\\/en\\\/baikor-galardonada-con-el-premio-pyme-del-ano\\\/\"},\"wordCount\":132,\"commentCount\":0,\"publisher\":{\"@id\":\"https:\\\/\\\/www.baikorworldwide.com\\\/#organization\"},\"image\":{\"@id\":\"https:\\\/\\\/www.baikorworldwide.com\\\/en\\\/baikor-galardonada-con-el-premio-pyme-del-ano\\\/#primaryimage\"},\"thumbnailUrl\":\"https:\\\/\\\/www.baikorworldwide.com\\\/wp-content\\\/uploads\\\/2021\\\/11\\\/premio.jpg\",\"inLanguage\":\"en-US\",\"potentialAction\":[{\"@type\":\"CommentAction\",\"name\":\"Comment\",\"target\":[\"https:\\\/\\\/www.baikorworldwide.com\\\/en\\\/baikor-galardonada-con-el-premio-pyme-del-ano\\\/#respond\"]}]},{\"@type\":\"WebPage\",\"@id\":\"https:\\\/\\\/www.baikorworldwide.com\\\/en\\\/baikor-galardonada-con-el-premio-pyme-del-ano\\\/\",\"url\":\"https:\\\/\\\/www.baikorworldwide.com\\\/en\\\/baikor-galardonada-con-el-premio-pyme-del-ano\\\/\",\"name\":\"BAIKOR galardonada con el premio PYME del a\u00f1o - BAIKOR WORLDWIDE\",\"isPartOf\":{\"@id\":\"https:\\\/\\\/www.baikorworldwide.com\\\/#website\"},\"primaryImageOfPage\":{\"@id\":\"https:\\\/\\\/www.baikorworldwide.com\\\/en\\\/baikor-galardonada-con-el-premio-pyme-del-ano\\\/#primaryimage\"},\"image\":{\"@id\":\"https:\\\/\\\/www.baikorworldwide.com\\\/en\\\/baikor-galardonada-con-el-premio-pyme-del-ano\\\/#primaryimage\"},\"thumbnailUrl\":\"https:\\\/\\\/www.baikorworldwide.com\\\/wp-content\\\/uploads\\\/2021\\\/11\\\/premio.jpg\",\"datePublished\":\"2021-11-25T08:43:46+00:00\",\"dateModified\":\"2022-02-21T10:19:32+00:00\",\"breadcrumb\":{\"@id\":\"https:\\\/\\\/www.baikorworldwide.com\\\/en\\\/baikor-galardonada-con-el-premio-pyme-del-ano\\\/#breadcrumb\"},\"inLanguage\":\"en-US\",\"potentialAction\":[{\"@type\":\"ReadAction\",\"target\":[\"https:\\\/\\\/www.baikorworldwide.com\\\/en\\\/baikor-galardonada-con-el-premio-pyme-del-ano\\\/\"]}]},{\"@type\":\"ImageObject\",\"inLanguage\":\"en-US\",\"@id\":\"https:\\\/\\\/www.baikorworldwide.com\\\/en\\\/baikor-galardonada-con-el-premio-pyme-del-ano\\\/#primaryimage\",\"url\":\"https:\\\/\\\/www.baikorworldwide.com\\\/wp-content\\\/uploads\\\/2021\\\/11\\\/premio.jpg\",\"contentUrl\":\"https:\\\/\\\/www.baikorworldwide.com\\\/wp-content\\\/uploads\\\/2021\\\/11\\\/premio.jpg\",\"width\":1500,\"height\":955},{\"@type\":\"BreadcrumbList\",\"@id\":\"https:\\\/\\\/www.baikorworldwide.com\\\/en\\\/baikor-galardonada-con-el-premio-pyme-del-ano\\\/#breadcrumb\",\"itemListElement\":[{\"@type\":\"ListItem\",\"position\":1,\"name\":\"Portada\",\"item\":\"https:\\\/\\\/www.baikorworldwide.com\\\/\"},{\"@type\":\"ListItem\",\"position\":2,\"name\":\"BAIKOR galardonada con el premio PYME del a\u00f1o\"}]},{\"@type\":\"WebSite\",\"@id\":\"https:\\\/\\\/www.baikorworldwide.com\\\/#website\",\"url\":\"https:\\\/\\\/www.baikorworldwide.com\\\/\",\"name\":\"BAIKOR WORLDWIDE\",\"description\":\"\",\"publisher\":{\"@id\":\"https:\\\/\\\/www.baikorworldwide.com\\\/#organization\"},\"potentialAction\":[{\"@type\":\"SearchAction\",\"target\":{\"@type\":\"EntryPoint\",\"urlTemplate\":\"https:\\\/\\\/www.baikorworldwide.com\\\/?s={search_term_string}\"},\"query-input\":{\"@type\":\"PropertyValueSpecification\",\"valueRequired\":true,\"valueName\":\"search_term_string\"}}],\"inLanguage\":\"en-US\"},{\"@type\":\"Organization\",\"@id\":\"https:\\\/\\\/www.baikorworldwide.com\\\/#organization\",\"name\":\"baikor worldwide\",\"url\":\"https:\\\/\\\/www.baikorworldwide.com\\\/\",\"logo\":{\"@type\":\"ImageObject\",\"inLanguage\":\"en-US\",\"@id\":\"https:\\\/\\\/www.baikorworldwide.com\\\/#\\\/schema\\\/logo\\\/image\\\/\",\"url\":\"https:\\\/\\\/www.baikorworldwide.com\\\/wp-content\\\/uploads\\\/2022\\\/01\\\/logobaikor.png\",\"contentUrl\":\"https:\\\/\\\/www.baikorworldwide.com\\\/wp-content\\\/uploads\\\/2022\\\/01\\\/logobaikor.png\",\"width\":400,\"height\":200,\"caption\":\"baikor worldwide\"},\"image\":{\"@id\":\"https:\\\/\\\/www.baikorworldwide.com\\\/#\\\/schema\\\/logo\\\/image\\\/\"},\"sameAs\":[\"https:\\\/\\\/www.instagram.com\\\/baikorworldwide\\\/\",\"https:\\\/\\\/www.linkedin.com\\\/company\\\/baikor-worldwide-sl\"]},{\"@type\":\"Person\",\"@id\":\"https:\\\/\\\/www.baikorworldwide.com\\\/#\\\/schema\\\/person\\\/6ab5e8843e6d54563896ea07f7f7cad6\",\"name\":\"baikor34\",\"image\":{\"@type\":\"ImageObject\",\"inLanguage\":\"en-US\",\"@id\":\"https:\\\/\\\/secure.gravatar.com\\\/avatar\\\/b9814cf2f6d30fb0b593edbf5216e817166275d01520da2d5247cc9d5572241e?s=96&d=mm&r=g\",\"url\":\"https:\\\/\\\/secure.gravatar.com\\\/avatar\\\/b9814cf2f6d30fb0b593edbf5216e817166275d01520da2d5247cc9d5572241e?s=96&d=mm&r=g\",\"contentUrl\":\"https:\\\/\\\/secure.gravatar.com\\\/avatar\\\/b9814cf2f6d30fb0b593edbf5216e817166275d01520da2d5247cc9d5572241e?s=96&d=mm&r=g\",\"caption\":\"baikor34\"},\"sameAs\":[\"http:\\\/\\\/www.baikorworldwide.com\"],\"url\":\"https:\\\/\\\/www.baikorworldwide.com\\\/en\\\/author\\\/baikor34\\\/\"}]}<\/script>\n<!-- \/ Yoast SEO plugin. -->","yoast_head_json":{"title":"BAIKOR galardonada con el premio PYME del a\u00f1o - BAIKOR WORLDWIDE","robots":{"index":"index","follow":"follow","max-snippet":"max-snippet:-1","max-image-preview":"max-image-preview:large","max-video-preview":"max-video-preview:-1"},"canonical":"https:\/\/www.baikorworldwide.com\/en\/baikor-galardonada-con-el-premio-pyme-del-ano\/","og_locale":"en_US","og_type":"article","og_title":"BAIKOR galardonada con el premio PYME del a\u00f1o - BAIKOR WORLDWIDE","og_description":"El pasado mi\u00e9rcoles, 3 de noviembre, fuimos galardonados con el premio PYME del a\u00f1o Navarra 2021.&nbsp; La C\u00e1mara de Comercio de Espa\u00f1a y el Banco Santander, con la colaboraci\u00f3n de las C\u00e1maras de Comercio de Navarra y el Diario de Navarra, reconoce mediante este premio el desempe\u00f1o de las peque\u00f1as y medianas empresas.&nbsp; Estamos muy [&hellip;]","og_url":"https:\/\/www.baikorworldwide.com\/en\/baikor-galardonada-con-el-premio-pyme-del-ano\/","og_site_name":"BAIKOR WORLDWIDE","article_published_time":"2021-11-25T08:43:46+00:00","article_modified_time":"2022-02-21T10:19:32+00:00","og_image":[{"width":1500,"height":955,"url":"https:\/\/www.baikorworldwide.com\/wp-content\/uploads\/2021\/11\/premio.jpg","type":"image\/jpeg"}],"author":"baikor34","twitter_card":"summary_large_image","twitter_misc":{"Written by":"baikor34","Est. reading time":"1 minute"},"schema":{"@context":"https:\/\/schema.org","@graph":[{"@type":"Article","@id":"https:\/\/www.baikorworldwide.com\/en\/baikor-galardonada-con-el-premio-pyme-del-ano\/#article","isPartOf":{"@id":"https:\/\/www.baikorworldwide.com\/en\/baikor-galardonada-con-el-premio-pyme-del-ano\/"},"author":{"name":"baikor34","@id":"https:\/\/www.baikorworldwide.com\/#\/schema\/person\/6ab5e8843e6d54563896ea07f7f7cad6"},"headline":"BAIKOR galardonada con el premio PYME del a\u00f1o","datePublished":"2021-11-25T08:43:46+00:00","dateModified":"2022-02-21T10:19:32+00:00","mainEntityOfPage":{"@id":"https:\/\/www.baikorworldwide.com\/en\/baikor-galardonada-con-el-premio-pyme-del-ano\/"},"wordCount":132,"commentCount":0,"publisher":{"@id":"https:\/\/www.baikorworldwide.com\/#organization"},"image":{"@id":"https:\/\/www.baikorworldwide.com\/en\/baikor-galardonada-con-el-premio-pyme-del-ano\/#primaryimage"},"thumbnailUrl":"https:\/\/www.baikorworldwide.com\/wp-content\/uploads\/2021\/11\/premio.jpg","inLanguage":"en-US","potentialAction":[{"@type":"CommentAction","name":"Comment","target":["https:\/\/www.baikorworldwide.com\/en\/baikor-galardonada-con-el-premio-pyme-del-ano\/#respond"]}]},{"@type":"WebPage","@id":"https:\/\/www.baikorworldwide.com\/en\/baikor-galardonada-con-el-premio-pyme-del-ano\/","url":"https:\/\/www.baikorworldwide.com\/en\/baikor-galardonada-con-el-premio-pyme-del-ano\/","name":"BAIKOR galardonada con el premio PYME del a\u00f1o - BAIKOR WORLDWIDE","isPartOf":{"@id":"https:\/\/www.baikorworldwide.com\/#website"},"primaryImageOfPage":{"@id":"https:\/\/www.baikorworldwide.com\/en\/baikor-galardonada-con-el-premio-pyme-del-ano\/#primaryimage"},"image":{"@id":"https:\/\/www.baikorworldwide.com\/en\/baikor-galardonada-con-el-premio-pyme-del-ano\/#primaryimage"},"thumbnailUrl":"https:\/\/www.baikorworldwide.com\/wp-content\/uploads\/2021\/11\/premio.jpg","datePublished":"2021-11-25T08:43:46+00:00","dateModified":"2022-02-21T10:19:32+00:00","breadcrumb":{"@id":"https:\/\/www.baikorworldwide.com\/en\/baikor-galardonada-con-el-premio-pyme-del-ano\/#breadcrumb"},"inLanguage":"en-US","potentialAction":[{"@type":"ReadAction","target":["https:\/\/www.baikorworldwide.com\/en\/baikor-galardonada-con-el-premio-pyme-del-ano\/"]}]},{"@type":"ImageObject","inLanguage":"en-US","@id":"https:\/\/www.baikorworldwide.com\/en\/baikor-galardonada-con-el-premio-pyme-del-ano\/#primaryimage","url":"https:\/\/www.baikorworldwide.com\/wp-content\/uploads\/2021\/11\/premio.jpg","contentUrl":"https:\/\/www.baikorworldwide.com\/wp-content\/uploads\/2021\/11\/premio.jpg","width":1500,"height":955},{"@type":"BreadcrumbList","@id":"https:\/\/www.baikorworldwide.com\/en\/baikor-galardonada-con-el-premio-pyme-del-ano\/#breadcrumb","itemListElement":[{"@type":"ListItem","position":1,"name":"Portada","item":"https:\/\/www.baikorworldwide.com\/"},{"@type":"ListItem","position":2,"name":"BAIKOR galardonada con el premio PYME del a\u00f1o"}]},{"@type":"WebSite","@id":"https:\/\/www.baikorworldwide.com\/#website","url":"https:\/\/www.baikorworldwide.com\/","name":"BAIKOR WORLDWIDE","description":"","publisher":{"@id":"https:\/\/www.baikorworldwide.com\/#organization"},"potentialAction":[{"@type":"SearchAction","target":{"@type":"EntryPoint","urlTemplate":"https:\/\/www.baikorworldwide.com\/?s={search_term_string}"},"query-input":{"@type":"PropertyValueSpecification","valueRequired":true,"valueName":"search_term_string"}}],"inLanguage":"en-US"},{"@type":"Organization","@id":"https:\/\/www.baikorworldwide.com\/#organization","name":"baikor worldwide","url":"https:\/\/www.baikorworldwide.com\/","logo":{"@type":"ImageObject","inLanguage":"en-US","@id":"https:\/\/www.baikorworldwide.com\/#\/schema\/logo\/image\/","url":"https:\/\/www.baikorworldwide.com\/wp-content\/uploads\/2022\/01\/logobaikor.png","contentUrl":"https:\/\/www.baikorworldwide.com\/wp-content\/uploads\/2022\/01\/logobaikor.png","width":400,"height":200,"caption":"baikor worldwide"},"image":{"@id":"https:\/\/www.baikorworldwide.com\/#\/schema\/logo\/image\/"},"sameAs":["https:\/\/www.instagram.com\/baikorworldwide\/","https:\/\/www.linkedin.com\/company\/baikor-worldwide-sl"]},{"@type":"Person","@id":"https:\/\/www.baikorworldwide.com\/#\/schema\/person\/6ab5e8843e6d54563896ea07f7f7cad6","name":"baikor34","image":{"@type":"ImageObject","inLanguage":"en-US","@id":"https:\/\/secure.gravatar.com\/avatar\/b9814cf2f6d30fb0b593edbf5216e817166275d01520da2d5247cc9d5572241e?s=96&d=mm&r=g","url":"https:\/\/secure.gravatar.com\/avatar\/b9814cf2f6d30fb0b593edbf5216e817166275d01520da2d5247cc9d5572241e?s=96&d=mm&r=g","contentUrl":"https:\/\/secure.gravatar.com\/avatar\/b9814cf2f6d30fb0b593edbf5216e817166275d01520da2d5247cc9d5572241e?s=96&d=mm&r=g","caption":"baikor34"},"sameAs":["http:\/\/www.baikorworldwide.com"],"url":"https:\/\/www.baikorworldwide.com\/en\/author\/baikor34\/"}]}},"_links":{"self":[{"href":"https:\/\/www.baikorworldwide.com\/en\/wp-json\/wp\/v2\/posts\/1419","targetHints":{"allow":["GET"]}}],"collection":[{"href":"https:\/\/www.baikorworldwide.com\/en\/wp-json\/wp\/v2\/posts"}],"about":[{"href":"https:\/\/www.baikorworldwide.com\/en\/wp-json\/wp\/v2\/types\/post"}],"author":[{"embeddable":true,"href":"https:\/\/www.baikorworldwide.com\/en\/wp-json\/wp\/v2\/users\/1"}],"replies":[{"embeddable":true,"href":"https:\/\/www.baikorworldwide.com\/en\/wp-json\/wp\/v2\/comments?post=1419"}],"version-history":[{"count":0,"href":"https:\/\/www.baikorworldwide.com\/en\/wp-json\/wp\/v2\/posts\/1419\/revisions"}],"wp:featuredmedia":[{"embeddable":true,"href":"https:\/\/www.baikorworldwide.com\/en\/wp-json\/wp\/v2\/media\/1346"}],"wp:attachment":[{"href":"https:\/\/www.baikorworldwide.com\/en\/wp-json\/wp\/v2\/media?parent=1419"}],"wp:term":[{"taxonomy":"category","embeddable":true,"href":"https:\/\/www.baikorworldwide.com\/en\/wp-json\/wp\/v2\/categories?post=1419"},{"taxonomy":"post_tag","embeddable":true,"href":"https:\/\/www.baikorworldwide.com\/en\/wp-json\/wp\/v2\/tags?post=1419"}],"curies":[{"name":"wp","href":"https:\/\/api.w.org\/{rel}","templated":true}]}}